{"id":339,"__str__":"Projeto de Lei do Executivo n\u00ba 9 de 2017","link_detail_backend":"/materia/339","metadata":{},"numero":9,"ano":2017,"numero_protocolo":null,"data_apresentacao":"2017-07-06","tipo_apresentacao":"E","data_publicacao":null,"numero_origem_externa":"011","ano_origem_externa":2017,"data_origem_externa":"2017-06-14","apelido":"","dias_prazo":null,"data_fim_prazo":null,"em_tramitacao":false,"polemica":false,"objeto":"","complementar":false,"ementa":"PROJETO DE LEI, OBJETO DA MENSAGEM N\u00ba 0011/2017, QUE DISP\u00d5E SOBRE A RECOMPOSI\u00c7\u00c3O DO FUNDO DE ASSIST\u00caNCIA SOCIAL, FUNDO DE MEIO AMBIENTE, DO FUNDO DA CRIAN\u00c7A E DO ADOLESCENTE E DO FUNDO PREVIDENCI\u00c1RIO (ANGRAPREV), ATRAV\u00c9S DO ARRESTO.","indexacao":"ANGRAPREV, RECOMPOSI\u00c7\u00c3O, FUNDO.","observacao":"","resultado":"","texto_original":"http://sapl.angradosreis.rj.leg.br/media/sapl/public/materialegislativa/2017/339/339_texto_integral.pdf","data_ultima_atualizacao":"2018-09-29T10:53:40.140575-03:00","ip":"","ultima_edicao":null,"tipo":18,"regime_tramitacao":1,"tipo_origem_externa":4,"local_origem_externa":1,"user":null,"anexadas":[],"autores":[36]}