{"id":2685,"__str__":"Requerimento n\u00ba 276 de 2018","link_detail_backend":"/materia/2685","metadata":{},"numero":276,"ano":2018,"numero_protocolo":null,"data_apresentacao":"2018-05-30","tipo_apresentacao":"","data_publicacao":null,"numero_origem_externa":"","ano_origem_externa":null,"data_origem_externa":null,"apelido":"","dias_prazo":null,"data_fim_prazo":null,"em_tramitacao":false,"polemica":null,"objeto":"","complementar":null,"ementa":"SOLICITANDO QUE SEJA LIBERADO O USO DO PLEN\u00c1RIO PRESIDENTE BENEDITO ADELINO, NO DIA 09 DE JUNHO DE 2018, S\u00c1BADO, DE 11H \u00c0S 17H, PARA QUE SEJA REALIZADA UMA REUNI\u00c3O DA ASSOCIA\u00c7\u00c3O DE AG\u00caNCIAS DE TURISMO DE ANGRA DOS REIS COM A PRESEN\u00c7A DO DEPUTADO FEDERAL \u00cdNDIO DA COSTA.","indexacao":"","observacao":"","resultado":"","texto_original":"http://sapl.angradosreis.rj.leg.br/media/sapl/public/materialegislativa/2018/2685/2685_texto_integral.pdf","data_ultima_atualizacao":"2018-09-29T10:53:43.826799-03:00","ip":"","ultima_edicao":null,"tipo":3,"regime_tramitacao":1,"tipo_origem_externa":null,"local_origem_externa":null,"user":null,"anexadas":[],"autores":[27]}