{"id":1576,"__str__":"Projeto de Lei do Executivo n\u00ba 7 de 2015","link_detail_backend":"/materia/1576","metadata":{},"numero":7,"ano":2015,"numero_protocolo":null,"data_apresentacao":"2015-03-27","tipo_apresentacao":"","data_publicacao":null,"numero_origem_externa":"8/201","ano_origem_externa":2015,"data_origem_externa":"2015-03-27","apelido":"","dias_prazo":null,"data_fim_prazo":null,"em_tramitacao":false,"polemica":null,"objeto":"","complementar":null,"ementa":"PROJETO DE LEI OBJETO DA MENSAGEM 008/2015, QUE ERSA SOBRE A ALTERA\u00c7\u00c3O DAS LEIS DE ZONEAMENTO E DE USO E OCUPA\u00c7\u00c3O, RESPECTIVAMENTE, LEIS 2.091 E 2.092, AMBAS DE 23 DE JANEIRO DE 2009, DISP\u00d5E SOBRE A CRIA\u00c7\u00c3O DA \u00c1REA 34 A PARTIR DA REDU\u00c7\u00c3O DA POR\u00c7\u00c3O DE TERRA DA \u00c1REA 14 DO ZONEAMENTO DA UNIDADE TERRITORIAL 07 (UT-07), INSTITUI NA \u00c1REA CRIADA A ZONA DE UTILIZA\u00c7\u00c3O ESPECIAL P\u00daBLICA (ZUEP), E D\u00c1 OUTRAS PROVID\u00caNCIAS.","indexacao":"","observacao":"Lei Ordin\u00e1ria N\u00ba 03339/2015","resultado":"","texto_original":null,"data_ultima_atualizacao":"2018-09-29T10:53:27.833380-03:00","ip":"","ultima_edicao":null,"tipo":18,"regime_tramitacao":1,"tipo_origem_externa":4,"local_origem_externa":1,"user":null,"anexadas":[],"autores":[15]}