{"id":2474,"__str__":"Autoria: Vereador Canind\u00e9 do Social - Indica\u00e7\u00e3o n\u00ba 786 de 2018","link_detail_backend":"/materia/autoria/2474","metadata":{},"primeiro_autor":true,"autor":24,"materia":2542}